{"id":20457,"date":"2026-09-02T08:35:33","date_gmt":"2026-09-02T06:35:33","guid":{"rendered":"https:\/\/www.uni3trieste.it\/?p=20457"},"modified":"2026-09-02T08:35:33","modified_gmt":"2026-09-02T06:35:33","slug":"apertura-iscrizioni-anno-accademico-2026-2027","status":"publish","type":"post","link":"https:\/\/www.uni3trieste.it\/index.php\/apertura-iscrizioni-anno-accademico-2026-2027\/","title":{"rendered":"Apertura iscrizioni Anno Accademico 2026-2027"},"content":{"rendered":"<p>Si informa che, a decorrere da mercoled\u00ec 9 settembre 2026, saranno aperte le iscrizioni all\u2019anno accademico 2026-2027.<\/p>\n<ul>\n<li><strong>Sede di Trieste<\/strong>, ingresso da Via Corti 1\/1, da\u00a0<strong>mercoled\u00ec 9 settembre 2026<\/strong>\u00a0con il seguente orario:<br \/>\nda luned\u00ec a venerd\u00ec dalle 9.00 alle 11.30, il mercoled\u00ec anche dalle 15.30 alle 17.00.<\/li>\n<li><strong>Sede di Muggia<\/strong>, Viale XXV Aprile 3, inizio iscrizioni da\u00a0<strong>gioved\u00ec 10 settembre 2026<\/strong>\u00a0con il seguente orario:<br \/>\nluned\u00ec, mercoled\u00ec e gioved\u00ec dalle 10.00 alle 12.00; da luned\u00ec 12 ottobre 2026 solo il gioved\u00ec dalle 10.00 alle 12.00.<\/li>\n<li><strong>sede di Duino Aurisina<\/strong>, Casa della Pietra Aurisina 158, inizio iscrizioni da\u00a0<strong>mercoled\u00ec 23 settembre 2026<\/strong>\u00a0con il seguente orario: mercoled\u00ec dalle 10.00 alle 12.00.<\/li>\n<\/ul>\n<p>Sulla home page del sito \u00e8 stato caricato il <a href=\"https:\/\/www.uni3trieste.it\/wp-content\/uploads\/2026\/09\/Libretto-2026_2027.pdf\">libretto programma<\/a>\u00a02026-2027.<\/p>\n<p>La Direzione Corsi<\/p>\n","protected":false},"excerpt":{"rendered":"<p>Si informa che, a decorrere da mercoled\u00ec 9 settembre 2026, saranno aperte le iscrizioni all\u2019anno accademico 2026-2027. Sede di Trieste, ingresso da Via Corti 1\/1, da\u00a0mercoled\u00ec 9 settembre 2026\u00a0con il seguente orario: da luned\u00ec a venerd\u00ec dalle 9.00 alle 11.30, il mercoled\u00ec anche dalle 15.30 alle 17.00. Sede di Muggia, Viale XXV Aprile 3, inizio [&hellip;]<\/p>\n","protected":false},"author":2,"featured_media":0,"comment_status":"open","ping_status":"open","sticky":false,"template":"","format":"standard","meta":{"_et_pb_use_builder":"","_et_pb_old_content":"","_et_gb_content_width":"","footnotes":""},"categories":[10],"tags":[],"class_list":["post-20457","post","type-post","status-publish","format-standard","hentry","category-news"],"post_mailing_queue_ids":[],"_links":{"self":[{"href":"https:\/\/www.uni3trieste.it\/index.php\/wp-json\/wp\/v2\/posts\/20457","targetHints":{"allow":["GET"]}}],"collection":[{"href":"https:\/\/www.uni3trieste.it\/index.php\/wp-json\/wp\/v2\/posts"}],"about":[{"href":"https:\/\/www.uni3trieste.it\/index.php\/wp-json\/wp\/v2\/types\/post"}],"author":[{"embeddable":true,"href":"https:\/\/www.uni3trieste.it\/index.php\/wp-json\/wp\/v2\/users\/2"}],"replies":[{"embeddable":true,"href":"https:\/\/www.uni3trieste.it\/index.php\/wp-json\/wp\/v2\/comments?post=20457"}],"version-history":[{"count":1,"href":"https:\/\/www.uni3trieste.it\/index.php\/wp-json\/wp\/v2\/posts\/20457\/revisions"}],"predecessor-version":[{"id":20458,"href":"https:\/\/www.uni3trieste.it\/index.php\/wp-json\/wp\/v2\/posts\/20457\/revisions\/20458"}],"wp:attachment":[{"href":"https:\/\/www.uni3trieste.it\/index.php\/wp-json\/wp\/v2\/media?parent=20457"}],"wp:term":[{"taxonomy":"category","embeddable":true,"href":"https:\/\/www.uni3trieste.it\/index.php\/wp-json\/wp\/v2\/categories?post=20457"},{"taxonomy":"post_tag","embeddable":true,"href":"https:\/\/www.uni3trieste.it\/index.php\/wp-json\/wp\/v2\/tags?post=20457"}],"curies":[{"name":"wp","href":"https:\/\/api.w.org\/{rel}","templated":true}]}}